{"id":201,"date":"2022-03-23T16:46:15","date_gmt":"2022-03-23T19:46:15","guid":{"rendered":"https:\/\/www.obaudobebe.com.br\/blog\/?p=201"},"modified":"2025-05-21T19:27:20","modified_gmt":"2025-05-21T22:27:20","slug":"seu-bebe-enfrenta-dificuldades-para-dormir","status":"publish","type":"post","link":"https:\/\/www.obaudobebe.com.br\/blog\/seu-bebe-enfrenta-dificuldades-para-dormir\/","title":{"rendered":"Seu beb\u00ea enfrenta dificuldades para dormir?"},"content":{"rendered":"\n<p>Vamos come\u00e7ar explicando que n\u00e3o existe f\u00f3rmula m\u00e1gica para o beb\u00ea dormir. Se voc\u00ea tamb\u00e9m \u00e9 m\u00e3e e enfrenta este desafio, saiba que voc\u00ea n\u00e3o est\u00e1 sozinha.<\/p>\n\n\n\n<p>Aqui, iremos pontuar poss\u00edveis motivos e solu\u00e7\u00f5es para quem enfrenta problemas na hora de p\u00f4r o beb\u00ea para dormir, perdendo noites de sono e, sem contar na energia para enfrentar o dia a dia\u2026<\/p>\n\n\n\n<p>O que voc\u00ea n\u00e3o deve fazer<\/p>\n\n\n\n<p>Primeiro, n\u00e3o se culpe por isso. Como j\u00e1 dissemos no primeiro par\u00e1grafo, voc\u00ea n\u00e3o \u00e9 a primeira e nem a \u00faltima a encarar essa situa\u00e7\u00e3o.<\/p>\n\n\n\n<p>A segunda coisa a n\u00e3o se fazer, \u00e9 compara\u00e7\u00f5es com outras m\u00e3es que n\u00e3o enfrentam o mesmo desafio. Isto n\u00e3o deve ser feito em nenhuma situa\u00e7\u00e3o, e tamb\u00e9m n\u00e3o deve ser feito em rela\u00e7\u00e3o ao sono do seu beb\u00ea, pois ele \u00e9 \u00fanico, com suas particularidades e desejos. Sim, ele n\u00e3o vai ser, ele j\u00e1 \u00e9(mas isto \u00e9 uma outra conversa).<\/p>\n\n\n\n<p>Al\u00e9m do fato do beb\u00ea estar enfrentando uma gama de novidades assim que chega ao mundo, cada um de n\u00f3s (incluindo os beb\u00eas) possui um ciclo circadiano que varia de pessoa para pessoa.<\/p>\n\n\n\n<p>O que \u00e9 o ciclo circadiano?<\/p>\n\n\n\n<p>O ciclo circadiano, \u00e9 o per\u00edodo de 24 horas em que o nosso rel\u00f3gio biol\u00f3gico interno mant\u00e9m as atividades e os processos biol\u00f3gicos do corpo (metabolismo, sono, vig\u00edlia, etc.), e \u00e9 influenciado pela exposi\u00e7\u00e3o a diferentes tipos de luminosidade ao longo do dia.<br>Isto ocorre porque o c\u00e9rebro recebe est\u00edmulos diferentes quando \u00e9 dia ou noite, produzindo os horm\u00f4nios necess\u00e1rios, alterando a temperatura corporal e regulando o metabolismo para manter a pessoa acordada ou dormindo. <\/p>\n\n\n\n<p>\u00c9 poss\u00edvel regular o ciclo circadiano, n\u00f3s fazemos essa \u201cconfigura\u00e7\u00e3o\u201d no organismo a todo momento com as nossas atividades e rotinas di\u00e1rias, e assim tamb\u00e9m acontece com o beb\u00ea.<br>A rotina escolar auxilia nessa \u201caprendizagem\u201d do organismo. Mas, mesmo com o seu beb\u00ea em casa, a aprendizagem do ciclo circadiano da crian\u00e7a pode ser trabalhada.<\/p>\n\n\n\n<p>Organize uma rotina:<\/p>\n\n\n\n<p>Nos primeiros dias, \u00e9 inevit\u00e1vel que a m\u00e3e \u201cse adeque\u201d \u00e0 rotina do beb\u00ea. Mas, com o passar dos meses (geralmente 04 a 06 meses), \u00e9 poss\u00edvel criar uma rotina de brincadeiras e atividades di\u00e1rias, incluindo a hora de ir para o ber\u00e7o dormir.<\/p>\n\n\n\n<p>No nosso site, inclusive, temos diversas dicas de <a href=\"http:\/\/www.obaudobebe.com.br\">brinquedos que auxiliam nos est\u00edmulos motores e podem ser alugados<\/a> e inclu\u00eddos na rotina do seu beb\u00ea!<br> Depois que voc\u00ea constr\u00f3i uma rotina para voc\u00ea e seu beb\u00ea, selecione um hor\u00e1rio para o soninho da crian\u00e7a.<br> N\u00e3o esque\u00e7a de deixar tudo o que voc\u00ea precisa para a prepara\u00e7\u00e3o do sono a postos, evite interrup\u00e7\u00f5es neste processo.<br> Evite conversas (at\u00e9 com o beb\u00ea) e outros est\u00edmulos, como telas, neste momento.<br> Cantar a mesma m\u00fasica, na hora do sono, al\u00e9m de estimular a mem\u00f3ria, ou um banho para relaxar, ajuda o beb\u00ea \u201centender\u201d que aquele realmente \u00e9 o momento de se desligar um pouquinho\u2026<br>Se voc\u00ea ainda n\u00e3o conferiu as op\u00e7\u00f5es variadas de brinquedos para o est\u00edmulo di\u00e1rio do seu beb\u00ea no nosso site, aproveite agora! Conte sempre com O Ba\u00fa do Beb\u00ea!!<\/p>\n","protected":false},"excerpt":{"rendered":"<p>Vamos come\u00e7ar explicando que n\u00e3o existe f\u00f3rmula m\u00e1gica para o beb\u00ea dormir. Se voc\u00ea tamb\u00e9m \u00e9 m\u00e3e e enfrenta este desafio, saiba que voc\u00ea n\u00e3o est\u00e1 sozinha. Aqui, iremos pontuar poss\u00edveis motivos e solu\u00e7\u00f5es para quem enfrenta problemas na hora de p\u00f4r o beb\u00ea para dormir, perdendo noites de sono e, sem contar na energia [&hellip;]<\/p>\n","protected":false},"author":1,"featured_media":161,"comment_status":"open","ping_status":"open","sticky":false,"template":"","format":"standard","meta":{"footnotes":""},"categories":[1],"tags":[],"class_list":["post-201","post","type-post","status-publish","format-standard","has-post-thumbnail","hentry","category-sem-categoria"],"yoast_head":"<!-- This site is optimized with the Yoast SEO plugin v22.7 - https:\/\/yoast.com\/wordpress\/plugins\/seo\/ -->\n<title>Seu beb\u00ea enfrenta dificuldades para dormir? - O Bau do Beb\u00ea<\/title>\n<meta name=\"robots\" content=\"index, follow, max-snippet:-1, max-image-preview:large, max-video-preview:-1\" \/>\n<link rel=\"canonical\" href=\"https:\/\/www.obaudobebe.com.br\/blog\/seu-bebe-enfrenta-dificuldades-para-dormir\/\" \/>\n<meta property=\"og:locale\" content=\"pt_BR\" \/>\n<meta property=\"og:type\" content=\"article\" \/>\n<meta property=\"og:title\" content=\"Seu beb\u00ea enfrenta dificuldades para dormir? - O Bau do Beb\u00ea\" \/>\n<meta property=\"og:description\" content=\"Vamos come\u00e7ar explicando que n\u00e3o existe f\u00f3rmula m\u00e1gica para o beb\u00ea dormir. Se voc\u00ea tamb\u00e9m \u00e9 m\u00e3e e enfrenta este desafio, saiba que voc\u00ea n\u00e3o est\u00e1 sozinha. Aqui, iremos pontuar poss\u00edveis motivos e solu\u00e7\u00f5es para quem enfrenta problemas na hora de p\u00f4r o beb\u00ea para dormir, perdendo noites de sono e, sem contar na energia [&hellip;]\" \/>\n<meta property=\"og:url\" content=\"https:\/\/www.obaudobebe.com.br\/blog\/seu-bebe-enfrenta-dificuldades-para-dormir\/\" \/>\n<meta property=\"og:site_name\" content=\"O Bau do Beb\u00ea\" \/>\n<meta property=\"article:publisher\" content=\"https:\/\/www.facebook.com\/obaudobebe\" \/>\n<meta property=\"article:published_time\" content=\"2022-03-23T19:46:15+00:00\" \/>\n<meta property=\"article:modified_time\" content=\"2025-05-21T22:27:20+00:00\" \/>\n<meta property=\"og:image\" content=\"https:\/\/www.obaudobebe.com.br\/blog\/wp-content\/uploads\/2021\/12\/images.jpg\" \/>\n\t<meta property=\"og:image:width\" content=\"225\" \/>\n\t<meta property=\"og:image:height\" content=\"225\" \/>\n\t<meta property=\"og:image:type\" content=\"image\/jpeg\" \/>\n<meta name=\"author\" content=\"Ba\u00fa do Beb\u00ea\" \/>\n<meta name=\"twitter:card\" content=\"summary_large_image\" \/>\n<meta name=\"twitter:creator\" content=\"@obaudobebe\" \/>\n<meta name=\"twitter:site\" content=\"@obaudobebe\" \/>\n<meta name=\"twitter:label1\" content=\"Escrito por\" \/>\n\t<meta name=\"twitter:data1\" content=\"Ba\u00fa do Beb\u00ea\" \/>\n\t<meta name=\"twitter:label2\" content=\"Est. tempo de leitura\" \/>\n\t<meta name=\"twitter:data2\" content=\"3 minutos\" \/>\n<script type=\"application\/ld+json\" class=\"yoast-schema-graph\">{\"@context\":\"https:\/\/schema.org\",\"@graph\":[{\"@type\":\"Article\",\"@id\":\"https:\/\/www.obaudobebe.com.br\/blog\/seu-bebe-enfrenta-dificuldades-para-dormir\/#article\",\"isPartOf\":{\"@id\":\"https:\/\/www.obaudobebe.com.br\/blog\/seu-bebe-enfrenta-dificuldades-para-dormir\/\"},\"author\":{\"name\":\"Ba\u00fa do Beb\u00ea\",\"@id\":\"https:\/\/www.obaudobebe.com.br\/blog\/#\/schema\/person\/e3102473fcec28630d9c576fbf7369b4\"},\"headline\":\"Seu beb\u00ea enfrenta dificuldades para dormir?\",\"datePublished\":\"2022-03-23T19:46:15+00:00\",\"dateModified\":\"2025-05-21T22:27:20+00:00\",\"mainEntityOfPage\":{\"@id\":\"https:\/\/www.obaudobebe.com.br\/blog\/seu-bebe-enfrenta-dificuldades-para-dormir\/\"},\"wordCount\":564,\"commentCount\":0,\"publisher\":{\"@id\":\"https:\/\/www.obaudobebe.com.br\/blog\/#organization\"},\"image\":{\"@id\":\"https:\/\/www.obaudobebe.com.br\/blog\/seu-bebe-enfrenta-dificuldades-para-dormir\/#primaryimage\"},\"thumbnailUrl\":\"https:\/\/www.obaudobebe.com.br\/blog\/wp-content\/uploads\/2021\/12\/images.jpg\",\"inLanguage\":\"pt-BR\",\"potentialAction\":[{\"@type\":\"CommentAction\",\"name\":\"Comment\",\"target\":[\"https:\/\/www.obaudobebe.com.br\/blog\/seu-bebe-enfrenta-dificuldades-para-dormir\/#respond\"]}]},{\"@type\":\"WebPage\",\"@id\":\"https:\/\/www.obaudobebe.com.br\/blog\/seu-bebe-enfrenta-dificuldades-para-dormir\/\",\"url\":\"https:\/\/www.obaudobebe.com.br\/blog\/seu-bebe-enfrenta-dificuldades-para-dormir\/\",\"name\":\"Seu beb\u00ea enfrenta dificuldades para dormir? - O Bau do Beb\u00ea\",\"isPartOf\":{\"@id\":\"https:\/\/www.obaudobebe.com.br\/blog\/#website\"},\"primaryImageOfPage\":{\"@id\":\"https:\/\/www.obaudobebe.com.br\/blog\/seu-bebe-enfrenta-dificuldades-para-dormir\/#primaryimage\"},\"image\":{\"@id\":\"https:\/\/www.obaudobebe.com.br\/blog\/seu-bebe-enfrenta-dificuldades-para-dormir\/#primaryimage\"},\"thumbnailUrl\":\"https:\/\/www.obaudobebe.com.br\/blog\/wp-content\/uploads\/2021\/12\/images.jpg\",\"datePublished\":\"2022-03-23T19:46:15+00:00\",\"dateModified\":\"2025-05-21T22:27:20+00:00\",\"breadcrumb\":{\"@id\":\"https:\/\/www.obaudobebe.com.br\/blog\/seu-bebe-enfrenta-dificuldades-para-dormir\/#breadcrumb\"},\"inLanguage\":\"pt-BR\",\"potentialAction\":[{\"@type\":\"ReadAction\",\"target\":[\"https:\/\/www.obaudobebe.com.br\/blog\/seu-bebe-enfrenta-dificuldades-para-dormir\/\"]}]},{\"@type\":\"ImageObject\",\"inLanguage\":\"pt-BR\",\"@id\":\"https:\/\/www.obaudobebe.com.br\/blog\/seu-bebe-enfrenta-dificuldades-para-dormir\/#primaryimage\",\"url\":\"https:\/\/www.obaudobebe.com.br\/blog\/wp-content\/uploads\/2021\/12\/images.jpg\",\"contentUrl\":\"https:\/\/www.obaudobebe.com.br\/blog\/wp-content\/uploads\/2021\/12\/images.jpg\",\"width\":225,\"height\":225},{\"@type\":\"BreadcrumbList\",\"@id\":\"https:\/\/www.obaudobebe.com.br\/blog\/seu-bebe-enfrenta-dificuldades-para-dormir\/#breadcrumb\",\"itemListElement\":[{\"@type\":\"ListItem\",\"position\":1,\"name\":\"In\u00edcio\",\"item\":\"https:\/\/www.obaudobebe.com.br\/blog\/\"},{\"@type\":\"ListItem\",\"position\":2,\"name\":\"Seu beb\u00ea enfrenta dificuldades para dormir?\"}]},{\"@type\":\"WebSite\",\"@id\":\"https:\/\/www.obaudobebe.com.br\/blog\/#website\",\"url\":\"https:\/\/www.obaudobebe.com.br\/blog\/\",\"name\":\"O Bau do Beb\u00ea\",\"description\":\"O Ba\u00fa do Beb\u00ea oferece aluguel de produtos para beb\u00eas, crian\u00e7as, e mam\u00e3es. Promove facilidade, tranquilidade e economia para fam\u00edlias que n\u00e3o precisam mais comprar tudo o que o beb\u00ea precisa.\",\"publisher\":{\"@id\":\"https:\/\/www.obaudobebe.com.br\/blog\/#organization\"},\"potentialAction\":[{\"@type\":\"SearchAction\",\"target\":{\"@type\":\"EntryPoint\",\"urlTemplate\":\"https:\/\/www.obaudobebe.com.br\/blog\/?s={search_term_string}\"},\"query-input\":\"required name=search_term_string\"}],\"inLanguage\":\"pt-BR\"},{\"@type\":\"Organization\",\"@id\":\"https:\/\/www.obaudobebe.com.br\/blog\/#organization\",\"name\":\"O Ba\u00fa do Beb\u00ea\",\"url\":\"https:\/\/www.obaudobebe.com.br\/blog\/\",\"logo\":{\"@type\":\"ImageObject\",\"inLanguage\":\"pt-BR\",\"@id\":\"https:\/\/www.obaudobebe.com.br\/blog\/#\/schema\/logo\/image\/\",\"url\":\"https:\/\/www.obaudobebe.com.br\/blog\/wp-content\/uploads\/2023\/09\/logo-bau-do-bebe.webp\",\"contentUrl\":\"https:\/\/www.obaudobebe.com.br\/blog\/wp-content\/uploads\/2023\/09\/logo-bau-do-bebe.webp\",\"width\":1000,\"height\":1043,\"caption\":\"O Ba\u00fa do Beb\u00ea\"},\"image\":{\"@id\":\"https:\/\/www.obaudobebe.com.br\/blog\/#\/schema\/logo\/image\/\"},\"sameAs\":[\"https:\/\/www.facebook.com\/obaudobebe\",\"https:\/\/x.com\/obaudobebe\",\"https:\/\/br.linkedin.com\/company\/o-bau-do-bebe\",\"https:\/\/www.instagram.com\/obaudobebe\"]},{\"@type\":\"Person\",\"@id\":\"https:\/\/www.obaudobebe.com.br\/blog\/#\/schema\/person\/e3102473fcec28630d9c576fbf7369b4\",\"name\":\"Ba\u00fa do Beb\u00ea\",\"image\":{\"@type\":\"ImageObject\",\"inLanguage\":\"pt-BR\",\"@id\":\"https:\/\/www.obaudobebe.com.br\/blog\/#\/schema\/person\/image\/\",\"url\":\"https:\/\/secure.gravatar.com\/avatar\/eef2f6a86d0e49746bcbc18c0a4c590cf75880b646d3222258529820251349cd?s=96&d=mm&r=g\",\"contentUrl\":\"https:\/\/secure.gravatar.com\/avatar\/eef2f6a86d0e49746bcbc18c0a4c590cf75880b646d3222258529820251349cd?s=96&d=mm&r=g\",\"caption\":\"Ba\u00fa do Beb\u00ea\"},\"url\":\"https:\/\/www.obaudobebe.com.br\/blog\/author\/admin\/\"}]}<\/script>\n<!-- \/ Yoast SEO plugin. -->","yoast_head_json":{"title":"Seu beb\u00ea enfrenta dificuldades para dormir? - O Bau do Beb\u00ea","robots":{"index":"index","follow":"follow","max-snippet":"max-snippet:-1","max-image-preview":"max-image-preview:large","max-video-preview":"max-video-preview:-1"},"canonical":"https:\/\/www.obaudobebe.com.br\/blog\/seu-bebe-enfrenta-dificuldades-para-dormir\/","og_locale":"pt_BR","og_type":"article","og_title":"Seu beb\u00ea enfrenta dificuldades para dormir? - O Bau do Beb\u00ea","og_description":"Vamos come\u00e7ar explicando que n\u00e3o existe f\u00f3rmula m\u00e1gica para o beb\u00ea dormir. Se voc\u00ea tamb\u00e9m \u00e9 m\u00e3e e enfrenta este desafio, saiba que voc\u00ea n\u00e3o est\u00e1 sozinha. Aqui, iremos pontuar poss\u00edveis motivos e solu\u00e7\u00f5es para quem enfrenta problemas na hora de p\u00f4r o beb\u00ea para dormir, perdendo noites de sono e, sem contar na energia [&hellip;]","og_url":"https:\/\/www.obaudobebe.com.br\/blog\/seu-bebe-enfrenta-dificuldades-para-dormir\/","og_site_name":"O Bau do Beb\u00ea","article_publisher":"https:\/\/www.facebook.com\/obaudobebe","article_published_time":"2022-03-23T19:46:15+00:00","article_modified_time":"2025-05-21T22:27:20+00:00","og_image":[{"width":225,"height":225,"url":"https:\/\/www.obaudobebe.com.br\/blog\/wp-content\/uploads\/2021\/12\/images.jpg","type":"image\/jpeg"}],"author":"Ba\u00fa do Beb\u00ea","twitter_card":"summary_large_image","twitter_creator":"@obaudobebe","twitter_site":"@obaudobebe","twitter_misc":{"Escrito por":"Ba\u00fa do Beb\u00ea","Est. tempo de leitura":"3 minutos"},"schema":{"@context":"https:\/\/schema.org","@graph":[{"@type":"Article","@id":"https:\/\/www.obaudobebe.com.br\/blog\/seu-bebe-enfrenta-dificuldades-para-dormir\/#article","isPartOf":{"@id":"https:\/\/www.obaudobebe.com.br\/blog\/seu-bebe-enfrenta-dificuldades-para-dormir\/"},"author":{"name":"Ba\u00fa do Beb\u00ea","@id":"https:\/\/www.obaudobebe.com.br\/blog\/#\/schema\/person\/e3102473fcec28630d9c576fbf7369b4"},"headline":"Seu beb\u00ea enfrenta dificuldades para dormir?","datePublished":"2022-03-23T19:46:15+00:00","dateModified":"2025-05-21T22:27:20+00:00","mainEntityOfPage":{"@id":"https:\/\/www.obaudobebe.com.br\/blog\/seu-bebe-enfrenta-dificuldades-para-dormir\/"},"wordCount":564,"commentCount":0,"publisher":{"@id":"https:\/\/www.obaudobebe.com.br\/blog\/#organization"},"image":{"@id":"https:\/\/www.obaudobebe.com.br\/blog\/seu-bebe-enfrenta-dificuldades-para-dormir\/#primaryimage"},"thumbnailUrl":"https:\/\/www.obaudobebe.com.br\/blog\/wp-content\/uploads\/2021\/12\/images.jpg","inLanguage":"pt-BR","potentialAction":[{"@type":"CommentAction","name":"Comment","target":["https:\/\/www.obaudobebe.com.br\/blog\/seu-bebe-enfrenta-dificuldades-para-dormir\/#respond"]}]},{"@type":"WebPage","@id":"https:\/\/www.obaudobebe.com.br\/blog\/seu-bebe-enfrenta-dificuldades-para-dormir\/","url":"https:\/\/www.obaudobebe.com.br\/blog\/seu-bebe-enfrenta-dificuldades-para-dormir\/","name":"Seu beb\u00ea enfrenta dificuldades para dormir? - O Bau do Beb\u00ea","isPartOf":{"@id":"https:\/\/www.obaudobebe.com.br\/blog\/#website"},"primaryImageOfPage":{"@id":"https:\/\/www.obaudobebe.com.br\/blog\/seu-bebe-enfrenta-dificuldades-para-dormir\/#primaryimage"},"image":{"@id":"https:\/\/www.obaudobebe.com.br\/blog\/seu-bebe-enfrenta-dificuldades-para-dormir\/#primaryimage"},"thumbnailUrl":"https:\/\/www.obaudobebe.com.br\/blog\/wp-content\/uploads\/2021\/12\/images.jpg","datePublished":"2022-03-23T19:46:15+00:00","dateModified":"2025-05-21T22:27:20+00:00","breadcrumb":{"@id":"https:\/\/www.obaudobebe.com.br\/blog\/seu-bebe-enfrenta-dificuldades-para-dormir\/#breadcrumb"},"inLanguage":"pt-BR","potentialAction":[{"@type":"ReadAction","target":["https:\/\/www.obaudobebe.com.br\/blog\/seu-bebe-enfrenta-dificuldades-para-dormir\/"]}]},{"@type":"ImageObject","inLanguage":"pt-BR","@id":"https:\/\/www.obaudobebe.com.br\/blog\/seu-bebe-enfrenta-dificuldades-para-dormir\/#primaryimage","url":"https:\/\/www.obaudobebe.com.br\/blog\/wp-content\/uploads\/2021\/12\/images.jpg","contentUrl":"https:\/\/www.obaudobebe.com.br\/blog\/wp-content\/uploads\/2021\/12\/images.jpg","width":225,"height":225},{"@type":"BreadcrumbList","@id":"https:\/\/www.obaudobebe.com.br\/blog\/seu-bebe-enfrenta-dificuldades-para-dormir\/#breadcrumb","itemListElement":[{"@type":"ListItem","position":1,"name":"In\u00edcio","item":"https:\/\/www.obaudobebe.com.br\/blog\/"},{"@type":"ListItem","position":2,"name":"Seu beb\u00ea enfrenta dificuldades para dormir?"}]},{"@type":"WebSite","@id":"https:\/\/www.obaudobebe.com.br\/blog\/#website","url":"https:\/\/www.obaudobebe.com.br\/blog\/","name":"O Bau do Beb\u00ea","description":"O Ba\u00fa do Beb\u00ea oferece aluguel de produtos para beb\u00eas, crian\u00e7as, e mam\u00e3es. Promove facilidade, tranquilidade e economia para fam\u00edlias que n\u00e3o precisam mais comprar tudo o que o beb\u00ea precisa.","publisher":{"@id":"https:\/\/www.obaudobebe.com.br\/blog\/#organization"},"potentialAction":[{"@type":"SearchAction","target":{"@type":"EntryPoint","urlTemplate":"https:\/\/www.obaudobebe.com.br\/blog\/?s={search_term_string}"},"query-input":"required name=search_term_string"}],"inLanguage":"pt-BR"},{"@type":"Organization","@id":"https:\/\/www.obaudobebe.com.br\/blog\/#organization","name":"O Ba\u00fa do Beb\u00ea","url":"https:\/\/www.obaudobebe.com.br\/blog\/","logo":{"@type":"ImageObject","inLanguage":"pt-BR","@id":"https:\/\/www.obaudobebe.com.br\/blog\/#\/schema\/logo\/image\/","url":"https:\/\/www.obaudobebe.com.br\/blog\/wp-content\/uploads\/2023\/09\/logo-bau-do-bebe.webp","contentUrl":"https:\/\/www.obaudobebe.com.br\/blog\/wp-content\/uploads\/2023\/09\/logo-bau-do-bebe.webp","width":1000,"height":1043,"caption":"O Ba\u00fa do Beb\u00ea"},"image":{"@id":"https:\/\/www.obaudobebe.com.br\/blog\/#\/schema\/logo\/image\/"},"sameAs":["https:\/\/www.facebook.com\/obaudobebe","https:\/\/x.com\/obaudobebe","https:\/\/br.linkedin.com\/company\/o-bau-do-bebe","https:\/\/www.instagram.com\/obaudobebe"]},{"@type":"Person","@id":"https:\/\/www.obaudobebe.com.br\/blog\/#\/schema\/person\/e3102473fcec28630d9c576fbf7369b4","name":"Ba\u00fa do Beb\u00ea","image":{"@type":"ImageObject","inLanguage":"pt-BR","@id":"https:\/\/www.obaudobebe.com.br\/blog\/#\/schema\/person\/image\/","url":"https:\/\/secure.gravatar.com\/avatar\/eef2f6a86d0e49746bcbc18c0a4c590cf75880b646d3222258529820251349cd?s=96&d=mm&r=g","contentUrl":"https:\/\/secure.gravatar.com\/avatar\/eef2f6a86d0e49746bcbc18c0a4c590cf75880b646d3222258529820251349cd?s=96&d=mm&r=g","caption":"Ba\u00fa do Beb\u00ea"},"url":"https:\/\/www.obaudobebe.com.br\/blog\/author\/admin\/"}]}},"_links":{"self":[{"href":"https:\/\/www.obaudobebe.com.br\/blog\/wp-json\/wp\/v2\/posts\/201","targetHints":{"allow":["GET"]}}],"collection":[{"href":"https:\/\/www.obaudobebe.com.br\/blog\/wp-json\/wp\/v2\/posts"}],"about":[{"href":"https:\/\/www.obaudobebe.com.br\/blog\/wp-json\/wp\/v2\/types\/post"}],"author":[{"embeddable":true,"href":"https:\/\/www.obaudobebe.com.br\/blog\/wp-json\/wp\/v2\/users\/1"}],"replies":[{"embeddable":true,"href":"https:\/\/www.obaudobebe.com.br\/blog\/wp-json\/wp\/v2\/comments?post=201"}],"version-history":[{"count":1,"href":"https:\/\/www.obaudobebe.com.br\/blog\/wp-json\/wp\/v2\/posts\/201\/revisions"}],"predecessor-version":[{"id":202,"href":"https:\/\/www.obaudobebe.com.br\/blog\/wp-json\/wp\/v2\/posts\/201\/revisions\/202"}],"wp:featuredmedia":[{"embeddable":true,"href":"https:\/\/www.obaudobebe.com.br\/blog\/wp-json\/wp\/v2\/media\/161"}],"wp:attachment":[{"href":"https:\/\/www.obaudobebe.com.br\/blog\/wp-json\/wp\/v2\/media?parent=201"}],"wp:term":[{"taxonomy":"category","embeddable":true,"href":"https:\/\/www.obaudobebe.com.br\/blog\/wp-json\/wp\/v2\/categories?post=201"},{"taxonomy":"post_tag","embeddable":true,"href":"https:\/\/www.obaudobebe.com.br\/blog\/wp-json\/wp\/v2\/tags?post=201"}],"curies":[{"name":"wp","href":"https:\/\/api.w.org\/{rel}","templated":true}]}}