{"id":205,"date":"2022-04-06T14:13:43","date_gmt":"2022-04-06T17:13:43","guid":{"rendered":"https:\/\/www.obaudobebe.com.br\/blog\/?p=205"},"modified":"2025-05-21T19:27:00","modified_gmt":"2025-05-21T22:27:00","slug":"isolamento-social-quais-os-impactos-causados-em-criancas-pequenas","status":"publish","type":"post","link":"https:\/\/www.obaudobebe.com.br\/blog\/isolamento-social-quais-os-impactos-causados-em-criancas-pequenas\/","title":{"rendered":"Isolamento Social: quais os impactos causados em crian\u00e7as pequenas?"},"content":{"rendered":"\n<p>Estamos entrando no novo normal e muitos pais ainda se perguntam: ser\u00e1 que o meu beb\u00ea ainda sofre os impactos causados pela quarentena?<\/p>\n\n\n\n<p>Por isso, produzimos este conte\u00fado para esclarecer algumas d\u00favidas sobre os impactos do isolamento em nossas crian\u00e7as, e poss\u00edveis solu\u00e7\u00f5es.<\/p>\n\n\n\n<p>OSCILA\u00c7\u00c3O DE HUMOR<\/p>\n\n\n\n<p>Segundo uma pesquisa feita com m\u00e9dicos de todo o pa\u00eds pela Sociedade Brasileira de Pediatria, quase 90% das crian\u00e7as apresentaram algum tipo de altera\u00e7\u00e3o de comportamento durante a pandemia de Covid-19. A maior parte delas, 75%, passou por oscila\u00e7\u00f5es de humor. <\/p>\n\n\n\n<p><a href=\"https:\/\/www.obaudobebe.com.br\/aluguel\/cadeiras-de-balanco?tag=ate-2-meses\">https:\/\/www.obaudobebe.com.br\/aluguel\/cadeiras-de-balanco?tag=ate-2-meses<\/a><\/p>\n\n\n\n<p>O levantamento, realizado em parceria com a Federa\u00e7\u00e3o Brasileira das Associa\u00e7\u00f5es de Ginecologia e Obstetr\u00edcia (Febrasgo), ouviu 951 pediatras por meio de pesquisa online, e mostrou, na pr\u00e1tica, o impacto psicol\u00f3gico da quarentena na sa\u00fade infantil, um t\u00f3pico que tem sido exposto pelos especialistas h\u00e1 meses.  <\/p>\n\n\n\n<p>\u201cAs crian\u00e7as necessitam de intera\u00e7\u00e3o, brincadeiras, atividade f\u00edsica, e o confinamento n\u00e3o s\u00f3 impediu tudo isso como levou ao aumento no uso das telas eletr\u00f4nicas\u201d, comentou em coletiva de imprensa a pediatra Luciana Rodrigues Silva, presidente da SBP.  <\/p>\n\n\n\n<p>\u201cAs principais consequ\u00eancias que estamos notando desse cen\u00e1rio s\u00e3o uma maior irritabilidade, sono e ganho de peso\u201d, apontou a m\u00e9dica. Para ela, a falta de contato com o mundo exterior, a interrup\u00e7\u00e3o prolongada das aulas e a diminui\u00e7\u00e3o da movimenta\u00e7\u00e3o f\u00edsica podem impactar o desenvolvimento f\u00edsico e mental da crian\u00e7a.  <\/p>\n\n\n\n<p><a href=\"https:\/\/www.obaudobebe.com.br\/aluguel\/co-sleepers-e-bercos-de-apoio?tag=ate-2-meses\">https:\/\/www.obaudobebe.com.br\/aluguel\/co-sleepers-e-bercos-de-apoio?tag=ate-2-meses<\/a><\/p>\n\n\n\n<p>DIMINUI\u00c7\u00c3O DO BEM-ESTAR<\/p>\n\n\n\n<p>O fator que mais contribuiu para esta redu\u00e7\u00e3o do bem-estar psicol\u00f3gico foi a diminui\u00e7\u00e3o do contato social, acrescentou. &#8220;Vimos que particularmente filhos \u00fanicos relatam mais problemas emocionais e tamb\u00e9m mais hiperatividade em compara\u00e7\u00e3o com crian\u00e7as com irm\u00e3os&#8221;, diz Natalie Christner, p\u00f3s-doutora em psicologia infantil em entrevista \u00e0 DW. Essa altera\u00e7\u00e3o foi interpretada pelos pesquisadores como evid\u00eancia da import\u00e2ncia do contato com outras crian\u00e7as.<\/p>\n\n\n\n<p>COMO REDUZIR ESSES IMPACTOS NAS CRIAN\u00c7AS?<\/p>\n\n\n\n<p>Como tratamos no primeiro par\u00e1grafo, estamos, aos poucos, retornando ao novo normal. Diante disso, vamos deixar algumas dicas simples.<\/p>\n\n\n\n<p>INCENTIVE O CONTATO COM A NATUREZA<\/p>\n\n\n\n<p>As brincadeiras ao ar livre promovem a melhora na sa\u00fade emocional dos pequenos. Contatos com a \u00e1gua, com as plantas e o ato de acariciar um pet t\u00eam efeitos terap\u00eauticos nas crian\u00e7as.<\/p>\n\n\n\n<p>Al\u00e9m disso, interagindo no quintal, em um bosque ou parque, a crian\u00e7a pode ter redu\u00e7\u00e3o no ganho de peso causado pelo confinamento. <\/p>\n\n\n\n<p><a href=\"https:\/\/www.obaudobebe.com.br\/aluguel\/brincadeira-e-desenvolvimento?tag=ate-2-meses\">https:\/\/www.obaudobebe.com.br\/aluguel\/brincadeira-e-desenvolvimento?tag=ate-2-meses<\/a><\/p>\n\n\n\n<p>PROMOVA A INTERA\u00c7\u00c3O COM OUTRAS CRIAN\u00c7AS<\/p>\n\n\n\n<p>Muitas crian\u00e7as apresentaram atraso nas habilidades sociais, como sabemos, este \u00e9 um dos efeitos do isolamento social.<br>\nPor\u00e9m, simples encontros com outras crian\u00e7as no parque, no play, ou no bairro, pode ser o que falta para a crian\u00e7a reagir melhor na disputa em uma brincadeira ou na hora de compartilhar um brinquedo, espa\u00e7o ou aten\u00e7\u00e3o.<\/p>\n\n\n\n<p>O QUE LEVAR NA HORA DE BRINCAR AO AR LIVRE COM O BEB\u00ca?<\/p>\n\n\n\n<p>No site do O Ba\u00fa do beb\u00ea, voc\u00ea encontra diversos itens port\u00e1teis para o seu beb\u00ea, al\u00e9m de itens necess\u00e1rios para as mam\u00e3es, dispon\u00edveis para loca\u00e7\u00e3o!<\/p>\n\n\n\n<p>Confira nos links abaixo!<\/p>\n\n\n\n<p><a href=\"https:\/\/www.obaudobebe.com.br\/aluguel\/para-a-mamae?tag=acima-de-1-ano\">https:\/\/www.obaudobebe.com.br\/aluguel\/para-a-mamae?tag=acima-de-1-ano<\/a><\/p>\n\n\n\n<p><a href=\"https:\/\/www.obaudobebe.com.br\/aluguel\/portateis?tag=acima-de-1-ano\">https:\/\/www.obaudobebe.com.br\/aluguel\/portateis?tag=acima-de-1-ano<\/a><\/p>\n","protected":false},"excerpt":{"rendered":"<p>Estamos entrando no novo normal e muitos pais ainda se perguntam: ser\u00e1 que o meu beb\u00ea ainda sofre os impactos causados pela quarentena? Por isso, produzimos este conte\u00fado para esclarecer algumas d\u00favidas sobre os impactos do isolamento em nossas crian\u00e7as, e poss\u00edveis solu\u00e7\u00f5es. OSCILA\u00c7\u00c3O DE HUMOR Segundo uma pesquisa feita com m\u00e9dicos de todo o [&hellip;]<\/p>\n","protected":false},"author":1,"featured_media":145,"comment_status":"open","ping_status":"open","sticky":false,"template":"","format":"standard","meta":{"footnotes":""},"categories":[1],"tags":[],"class_list":["post-205","post","type-post","status-publish","format-standard","has-post-thumbnail","hentry","category-sem-categoria"],"yoast_head":"<!-- This site is optimized with the Yoast SEO plugin v22.7 - https:\/\/yoast.com\/wordpress\/plugins\/seo\/ -->\n<title>Isolamento Social: quais os impactos causados em crian\u00e7as pequenas? - O Bau do Beb\u00ea<\/title>\n<meta name=\"robots\" content=\"index, follow, max-snippet:-1, max-image-preview:large, max-video-preview:-1\" \/>\n<link rel=\"canonical\" href=\"https:\/\/www.obaudobebe.com.br\/blog\/isolamento-social-quais-os-impactos-causados-em-criancas-pequenas\/\" \/>\n<meta property=\"og:locale\" content=\"pt_BR\" \/>\n<meta property=\"og:type\" content=\"article\" \/>\n<meta property=\"og:title\" content=\"Isolamento Social: quais os impactos causados em crian\u00e7as pequenas? - O Bau do Beb\u00ea\" \/>\n<meta property=\"og:description\" content=\"Estamos entrando no novo normal e muitos pais ainda se perguntam: ser\u00e1 que o meu beb\u00ea ainda sofre os impactos causados pela quarentena? Por isso, produzimos este conte\u00fado para esclarecer algumas d\u00favidas sobre os impactos do isolamento em nossas crian\u00e7as, e poss\u00edveis solu\u00e7\u00f5es. OSCILA\u00c7\u00c3O DE HUMOR Segundo uma pesquisa feita com m\u00e9dicos de todo o [&hellip;]\" \/>\n<meta property=\"og:url\" content=\"https:\/\/www.obaudobebe.com.br\/blog\/isolamento-social-quais-os-impactos-causados-em-criancas-pequenas\/\" \/>\n<meta property=\"og:site_name\" content=\"O Bau do Beb\u00ea\" \/>\n<meta property=\"article:publisher\" content=\"https:\/\/www.facebook.com\/obaudobebe\" \/>\n<meta property=\"article:published_time\" content=\"2022-04-06T17:13:43+00:00\" \/>\n<meta property=\"article:modified_time\" content=\"2025-05-21T22:27:00+00:00\" \/>\n<meta property=\"og:image\" content=\"https:\/\/www.obaudobebe.com.br\/blog\/wp-content\/uploads\/2021\/11\/painel-sensorial.jpg\" \/>\n\t<meta property=\"og:image:width\" content=\"499\" \/>\n\t<meta property=\"og:image:height\" content=\"495\" \/>\n\t<meta property=\"og:image:type\" content=\"image\/jpeg\" \/>\n<meta name=\"author\" content=\"Ba\u00fa do Beb\u00ea\" \/>\n<meta name=\"twitter:card\" content=\"summary_large_image\" \/>\n<meta name=\"twitter:creator\" content=\"@obaudobebe\" \/>\n<meta name=\"twitter:site\" content=\"@obaudobebe\" \/>\n<meta name=\"twitter:label1\" content=\"Escrito por\" \/>\n\t<meta name=\"twitter:data1\" content=\"Ba\u00fa do Beb\u00ea\" \/>\n\t<meta name=\"twitter:label2\" content=\"Est. tempo de leitura\" \/>\n\t<meta name=\"twitter:data2\" content=\"3 minutos\" \/>\n<script type=\"application\/ld+json\" class=\"yoast-schema-graph\">{\"@context\":\"https:\/\/schema.org\",\"@graph\":[{\"@type\":\"Article\",\"@id\":\"https:\/\/www.obaudobebe.com.br\/blog\/isolamento-social-quais-os-impactos-causados-em-criancas-pequenas\/#article\",\"isPartOf\":{\"@id\":\"https:\/\/www.obaudobebe.com.br\/blog\/isolamento-social-quais-os-impactos-causados-em-criancas-pequenas\/\"},\"author\":{\"name\":\"Ba\u00fa do Beb\u00ea\",\"@id\":\"https:\/\/www.obaudobebe.com.br\/blog\/#\/schema\/person\/e3102473fcec28630d9c576fbf7369b4\"},\"headline\":\"Isolamento Social: quais os impactos causados em crian\u00e7as pequenas?\",\"datePublished\":\"2022-04-06T17:13:43+00:00\",\"dateModified\":\"2025-05-21T22:27:00+00:00\",\"mainEntityOfPage\":{\"@id\":\"https:\/\/www.obaudobebe.com.br\/blog\/isolamento-social-quais-os-impactos-causados-em-criancas-pequenas\/\"},\"wordCount\":600,\"commentCount\":0,\"publisher\":{\"@id\":\"https:\/\/www.obaudobebe.com.br\/blog\/#organization\"},\"image\":{\"@id\":\"https:\/\/www.obaudobebe.com.br\/blog\/isolamento-social-quais-os-impactos-causados-em-criancas-pequenas\/#primaryimage\"},\"thumbnailUrl\":\"https:\/\/www.obaudobebe.com.br\/blog\/wp-content\/uploads\/2021\/11\/painel-sensorial.jpg\",\"inLanguage\":\"pt-BR\",\"potentialAction\":[{\"@type\":\"CommentAction\",\"name\":\"Comment\",\"target\":[\"https:\/\/www.obaudobebe.com.br\/blog\/isolamento-social-quais-os-impactos-causados-em-criancas-pequenas\/#respond\"]}]},{\"@type\":\"WebPage\",\"@id\":\"https:\/\/www.obaudobebe.com.br\/blog\/isolamento-social-quais-os-impactos-causados-em-criancas-pequenas\/\",\"url\":\"https:\/\/www.obaudobebe.com.br\/blog\/isolamento-social-quais-os-impactos-causados-em-criancas-pequenas\/\",\"name\":\"Isolamento Social: quais os impactos causados em crian\u00e7as pequenas? - O Bau do Beb\u00ea\",\"isPartOf\":{\"@id\":\"https:\/\/www.obaudobebe.com.br\/blog\/#website\"},\"primaryImageOfPage\":{\"@id\":\"https:\/\/www.obaudobebe.com.br\/blog\/isolamento-social-quais-os-impactos-causados-em-criancas-pequenas\/#primaryimage\"},\"image\":{\"@id\":\"https:\/\/www.obaudobebe.com.br\/blog\/isolamento-social-quais-os-impactos-causados-em-criancas-pequenas\/#primaryimage\"},\"thumbnailUrl\":\"https:\/\/www.obaudobebe.com.br\/blog\/wp-content\/uploads\/2021\/11\/painel-sensorial.jpg\",\"datePublished\":\"2022-04-06T17:13:43+00:00\",\"dateModified\":\"2025-05-21T22:27:00+00:00\",\"breadcrumb\":{\"@id\":\"https:\/\/www.obaudobebe.com.br\/blog\/isolamento-social-quais-os-impactos-causados-em-criancas-pequenas\/#breadcrumb\"},\"inLanguage\":\"pt-BR\",\"potentialAction\":[{\"@type\":\"ReadAction\",\"target\":[\"https:\/\/www.obaudobebe.com.br\/blog\/isolamento-social-quais-os-impactos-causados-em-criancas-pequenas\/\"]}]},{\"@type\":\"ImageObject\",\"inLanguage\":\"pt-BR\",\"@id\":\"https:\/\/www.obaudobebe.com.br\/blog\/isolamento-social-quais-os-impactos-causados-em-criancas-pequenas\/#primaryimage\",\"url\":\"https:\/\/www.obaudobebe.com.br\/blog\/wp-content\/uploads\/2021\/11\/painel-sensorial.jpg\",\"contentUrl\":\"https:\/\/www.obaudobebe.com.br\/blog\/wp-content\/uploads\/2021\/11\/painel-sensorial.jpg\",\"width\":499,\"height\":495},{\"@type\":\"BreadcrumbList\",\"@id\":\"https:\/\/www.obaudobebe.com.br\/blog\/isolamento-social-quais-os-impactos-causados-em-criancas-pequenas\/#breadcrumb\",\"itemListElement\":[{\"@type\":\"ListItem\",\"position\":1,\"name\":\"In\u00edcio\",\"item\":\"https:\/\/www.obaudobebe.com.br\/blog\/\"},{\"@type\":\"ListItem\",\"position\":2,\"name\":\"Isolamento Social: quais os impactos causados em crian\u00e7as pequenas?\"}]},{\"@type\":\"WebSite\",\"@id\":\"https:\/\/www.obaudobebe.com.br\/blog\/#website\",\"url\":\"https:\/\/www.obaudobebe.com.br\/blog\/\",\"name\":\"O Bau do Beb\u00ea\",\"description\":\"O Ba\u00fa do Beb\u00ea oferece aluguel de produtos para beb\u00eas, crian\u00e7as, e mam\u00e3es. Promove facilidade, tranquilidade e economia para fam\u00edlias que n\u00e3o precisam mais comprar tudo o que o beb\u00ea precisa.\",\"publisher\":{\"@id\":\"https:\/\/www.obaudobebe.com.br\/blog\/#organization\"},\"potentialAction\":[{\"@type\":\"SearchAction\",\"target\":{\"@type\":\"EntryPoint\",\"urlTemplate\":\"https:\/\/www.obaudobebe.com.br\/blog\/?s={search_term_string}\"},\"query-input\":\"required name=search_term_string\"}],\"inLanguage\":\"pt-BR\"},{\"@type\":\"Organization\",\"@id\":\"https:\/\/www.obaudobebe.com.br\/blog\/#organization\",\"name\":\"O Ba\u00fa do Beb\u00ea\",\"url\":\"https:\/\/www.obaudobebe.com.br\/blog\/\",\"logo\":{\"@type\":\"ImageObject\",\"inLanguage\":\"pt-BR\",\"@id\":\"https:\/\/www.obaudobebe.com.br\/blog\/#\/schema\/logo\/image\/\",\"url\":\"https:\/\/www.obaudobebe.com.br\/blog\/wp-content\/uploads\/2023\/09\/logo-bau-do-bebe.webp\",\"contentUrl\":\"https:\/\/www.obaudobebe.com.br\/blog\/wp-content\/uploads\/2023\/09\/logo-bau-do-bebe.webp\",\"width\":1000,\"height\":1043,\"caption\":\"O Ba\u00fa do Beb\u00ea\"},\"image\":{\"@id\":\"https:\/\/www.obaudobebe.com.br\/blog\/#\/schema\/logo\/image\/\"},\"sameAs\":[\"https:\/\/www.facebook.com\/obaudobebe\",\"https:\/\/x.com\/obaudobebe\",\"https:\/\/br.linkedin.com\/company\/o-bau-do-bebe\",\"https:\/\/www.instagram.com\/obaudobebe\"]},{\"@type\":\"Person\",\"@id\":\"https:\/\/www.obaudobebe.com.br\/blog\/#\/schema\/person\/e3102473fcec28630d9c576fbf7369b4\",\"name\":\"Ba\u00fa do Beb\u00ea\",\"image\":{\"@type\":\"ImageObject\",\"inLanguage\":\"pt-BR\",\"@id\":\"https:\/\/www.obaudobebe.com.br\/blog\/#\/schema\/person\/image\/\",\"url\":\"https:\/\/secure.gravatar.com\/avatar\/eef2f6a86d0e49746bcbc18c0a4c590cf75880b646d3222258529820251349cd?s=96&d=mm&r=g\",\"contentUrl\":\"https:\/\/secure.gravatar.com\/avatar\/eef2f6a86d0e49746bcbc18c0a4c590cf75880b646d3222258529820251349cd?s=96&d=mm&r=g\",\"caption\":\"Ba\u00fa do Beb\u00ea\"},\"url\":\"https:\/\/www.obaudobebe.com.br\/blog\/author\/admin\/\"}]}<\/script>\n<!-- \/ Yoast SEO plugin. -->","yoast_head_json":{"title":"Isolamento Social: quais os impactos causados em crian\u00e7as pequenas? - O Bau do Beb\u00ea","robots":{"index":"index","follow":"follow","max-snippet":"max-snippet:-1","max-image-preview":"max-image-preview:large","max-video-preview":"max-video-preview:-1"},"canonical":"https:\/\/www.obaudobebe.com.br\/blog\/isolamento-social-quais-os-impactos-causados-em-criancas-pequenas\/","og_locale":"pt_BR","og_type":"article","og_title":"Isolamento Social: quais os impactos causados em crian\u00e7as pequenas? - O Bau do Beb\u00ea","og_description":"Estamos entrando no novo normal e muitos pais ainda se perguntam: ser\u00e1 que o meu beb\u00ea ainda sofre os impactos causados pela quarentena? Por isso, produzimos este conte\u00fado para esclarecer algumas d\u00favidas sobre os impactos do isolamento em nossas crian\u00e7as, e poss\u00edveis solu\u00e7\u00f5es. OSCILA\u00c7\u00c3O DE HUMOR Segundo uma pesquisa feita com m\u00e9dicos de todo o [&hellip;]","og_url":"https:\/\/www.obaudobebe.com.br\/blog\/isolamento-social-quais-os-impactos-causados-em-criancas-pequenas\/","og_site_name":"O Bau do Beb\u00ea","article_publisher":"https:\/\/www.facebook.com\/obaudobebe","article_published_time":"2022-04-06T17:13:43+00:00","article_modified_time":"2025-05-21T22:27:00+00:00","og_image":[{"width":499,"height":495,"url":"https:\/\/www.obaudobebe.com.br\/blog\/wp-content\/uploads\/2021\/11\/painel-sensorial.jpg","type":"image\/jpeg"}],"author":"Ba\u00fa do Beb\u00ea","twitter_card":"summary_large_image","twitter_creator":"@obaudobebe","twitter_site":"@obaudobebe","twitter_misc":{"Escrito por":"Ba\u00fa do Beb\u00ea","Est. tempo de leitura":"3 minutos"},"schema":{"@context":"https:\/\/schema.org","@graph":[{"@type":"Article","@id":"https:\/\/www.obaudobebe.com.br\/blog\/isolamento-social-quais-os-impactos-causados-em-criancas-pequenas\/#article","isPartOf":{"@id":"https:\/\/www.obaudobebe.com.br\/blog\/isolamento-social-quais-os-impactos-causados-em-criancas-pequenas\/"},"author":{"name":"Ba\u00fa do Beb\u00ea","@id":"https:\/\/www.obaudobebe.com.br\/blog\/#\/schema\/person\/e3102473fcec28630d9c576fbf7369b4"},"headline":"Isolamento Social: quais os impactos causados em crian\u00e7as pequenas?","datePublished":"2022-04-06T17:13:43+00:00","dateModified":"2025-05-21T22:27:00+00:00","mainEntityOfPage":{"@id":"https:\/\/www.obaudobebe.com.br\/blog\/isolamento-social-quais-os-impactos-causados-em-criancas-pequenas\/"},"wordCount":600,"commentCount":0,"publisher":{"@id":"https:\/\/www.obaudobebe.com.br\/blog\/#organization"},"image":{"@id":"https:\/\/www.obaudobebe.com.br\/blog\/isolamento-social-quais-os-impactos-causados-em-criancas-pequenas\/#primaryimage"},"thumbnailUrl":"https:\/\/www.obaudobebe.com.br\/blog\/wp-content\/uploads\/2021\/11\/painel-sensorial.jpg","inLanguage":"pt-BR","potentialAction":[{"@type":"CommentAction","name":"Comment","target":["https:\/\/www.obaudobebe.com.br\/blog\/isolamento-social-quais-os-impactos-causados-em-criancas-pequenas\/#respond"]}]},{"@type":"WebPage","@id":"https:\/\/www.obaudobebe.com.br\/blog\/isolamento-social-quais-os-impactos-causados-em-criancas-pequenas\/","url":"https:\/\/www.obaudobebe.com.br\/blog\/isolamento-social-quais-os-impactos-causados-em-criancas-pequenas\/","name":"Isolamento Social: quais os impactos causados em crian\u00e7as pequenas? - O Bau do Beb\u00ea","isPartOf":{"@id":"https:\/\/www.obaudobebe.com.br\/blog\/#website"},"primaryImageOfPage":{"@id":"https:\/\/www.obaudobebe.com.br\/blog\/isolamento-social-quais-os-impactos-causados-em-criancas-pequenas\/#primaryimage"},"image":{"@id":"https:\/\/www.obaudobebe.com.br\/blog\/isolamento-social-quais-os-impactos-causados-em-criancas-pequenas\/#primaryimage"},"thumbnailUrl":"https:\/\/www.obaudobebe.com.br\/blog\/wp-content\/uploads\/2021\/11\/painel-sensorial.jpg","datePublished":"2022-04-06T17:13:43+00:00","dateModified":"2025-05-21T22:27:00+00:00","breadcrumb":{"@id":"https:\/\/www.obaudobebe.com.br\/blog\/isolamento-social-quais-os-impactos-causados-em-criancas-pequenas\/#breadcrumb"},"inLanguage":"pt-BR","potentialAction":[{"@type":"ReadAction","target":["https:\/\/www.obaudobebe.com.br\/blog\/isolamento-social-quais-os-impactos-causados-em-criancas-pequenas\/"]}]},{"@type":"ImageObject","inLanguage":"pt-BR","@id":"https:\/\/www.obaudobebe.com.br\/blog\/isolamento-social-quais-os-impactos-causados-em-criancas-pequenas\/#primaryimage","url":"https:\/\/www.obaudobebe.com.br\/blog\/wp-content\/uploads\/2021\/11\/painel-sensorial.jpg","contentUrl":"https:\/\/www.obaudobebe.com.br\/blog\/wp-content\/uploads\/2021\/11\/painel-sensorial.jpg","width":499,"height":495},{"@type":"BreadcrumbList","@id":"https:\/\/www.obaudobebe.com.br\/blog\/isolamento-social-quais-os-impactos-causados-em-criancas-pequenas\/#breadcrumb","itemListElement":[{"@type":"ListItem","position":1,"name":"In\u00edcio","item":"https:\/\/www.obaudobebe.com.br\/blog\/"},{"@type":"ListItem","position":2,"name":"Isolamento Social: quais os impactos causados em crian\u00e7as pequenas?"}]},{"@type":"WebSite","@id":"https:\/\/www.obaudobebe.com.br\/blog\/#website","url":"https:\/\/www.obaudobebe.com.br\/blog\/","name":"O Bau do Beb\u00ea","description":"O Ba\u00fa do Beb\u00ea oferece aluguel de produtos para beb\u00eas, crian\u00e7as, e mam\u00e3es. Promove facilidade, tranquilidade e economia para fam\u00edlias que n\u00e3o precisam mais comprar tudo o que o beb\u00ea precisa.","publisher":{"@id":"https:\/\/www.obaudobebe.com.br\/blog\/#organization"},"potentialAction":[{"@type":"SearchAction","target":{"@type":"EntryPoint","urlTemplate":"https:\/\/www.obaudobebe.com.br\/blog\/?s={search_term_string}"},"query-input":"required name=search_term_string"}],"inLanguage":"pt-BR"},{"@type":"Organization","@id":"https:\/\/www.obaudobebe.com.br\/blog\/#organization","name":"O Ba\u00fa do Beb\u00ea","url":"https:\/\/www.obaudobebe.com.br\/blog\/","logo":{"@type":"ImageObject","inLanguage":"pt-BR","@id":"https:\/\/www.obaudobebe.com.br\/blog\/#\/schema\/logo\/image\/","url":"https:\/\/www.obaudobebe.com.br\/blog\/wp-content\/uploads\/2023\/09\/logo-bau-do-bebe.webp","contentUrl":"https:\/\/www.obaudobebe.com.br\/blog\/wp-content\/uploads\/2023\/09\/logo-bau-do-bebe.webp","width":1000,"height":1043,"caption":"O Ba\u00fa do Beb\u00ea"},"image":{"@id":"https:\/\/www.obaudobebe.com.br\/blog\/#\/schema\/logo\/image\/"},"sameAs":["https:\/\/www.facebook.com\/obaudobebe","https:\/\/x.com\/obaudobebe","https:\/\/br.linkedin.com\/company\/o-bau-do-bebe","https:\/\/www.instagram.com\/obaudobebe"]},{"@type":"Person","@id":"https:\/\/www.obaudobebe.com.br\/blog\/#\/schema\/person\/e3102473fcec28630d9c576fbf7369b4","name":"Ba\u00fa do Beb\u00ea","image":{"@type":"ImageObject","inLanguage":"pt-BR","@id":"https:\/\/www.obaudobebe.com.br\/blog\/#\/schema\/person\/image\/","url":"https:\/\/secure.gravatar.com\/avatar\/eef2f6a86d0e49746bcbc18c0a4c590cf75880b646d3222258529820251349cd?s=96&d=mm&r=g","contentUrl":"https:\/\/secure.gravatar.com\/avatar\/eef2f6a86d0e49746bcbc18c0a4c590cf75880b646d3222258529820251349cd?s=96&d=mm&r=g","caption":"Ba\u00fa do Beb\u00ea"},"url":"https:\/\/www.obaudobebe.com.br\/blog\/author\/admin\/"}]}},"_links":{"self":[{"href":"https:\/\/www.obaudobebe.com.br\/blog\/wp-json\/wp\/v2\/posts\/205","targetHints":{"allow":["GET"]}}],"collection":[{"href":"https:\/\/www.obaudobebe.com.br\/blog\/wp-json\/wp\/v2\/posts"}],"about":[{"href":"https:\/\/www.obaudobebe.com.br\/blog\/wp-json\/wp\/v2\/types\/post"}],"author":[{"embeddable":true,"href":"https:\/\/www.obaudobebe.com.br\/blog\/wp-json\/wp\/v2\/users\/1"}],"replies":[{"embeddable":true,"href":"https:\/\/www.obaudobebe.com.br\/blog\/wp-json\/wp\/v2\/comments?post=205"}],"version-history":[{"count":1,"href":"https:\/\/www.obaudobebe.com.br\/blog\/wp-json\/wp\/v2\/posts\/205\/revisions"}],"predecessor-version":[{"id":206,"href":"https:\/\/www.obaudobebe.com.br\/blog\/wp-json\/wp\/v2\/posts\/205\/revisions\/206"}],"wp:featuredmedia":[{"embeddable":true,"href":"https:\/\/www.obaudobebe.com.br\/blog\/wp-json\/wp\/v2\/media\/145"}],"wp:attachment":[{"href":"https:\/\/www.obaudobebe.com.br\/blog\/wp-json\/wp\/v2\/media?parent=205"}],"wp:term":[{"taxonomy":"category","embeddable":true,"href":"https:\/\/www.obaudobebe.com.br\/blog\/wp-json\/wp\/v2\/categories?post=205"},{"taxonomy":"post_tag","embeddable":true,"href":"https:\/\/www.obaudobebe.com.br\/blog\/wp-json\/wp\/v2\/tags?post=205"}],"curies":[{"name":"wp","href":"https:\/\/api.w.org\/{rel}","templated":true}]}}