{"id":208,"date":"2022-10-21T15:15:39","date_gmt":"2022-10-21T18:15:39","guid":{"rendered":"https:\/\/www.obaudobebe.com.br\/blog\/?p=208"},"modified":"2022-10-21T15:15:40","modified_gmt":"2022-10-21T18:15:40","slug":"crescimento-do-bau-do-bebe-e-assunto-na-revista-istoe","status":"publish","type":"post","link":"https:\/\/www.obaudobebe.com.br\/blog\/crescimento-do-bau-do-bebe-e-assunto-na-revista-istoe\/","title":{"rendered":"Crescimento do Ba\u00fa do Beb\u00ea \u00e9 assunto na revista Isto\u00e9"},"content":{"rendered":"\n<p><strong>Revista usou O Ba\u00fa do Beb\u00ea como exemplo do novo mercado, no qual &#8220;experimentar&#8221; \u00e9 melhor que &#8220;possuir&#8221;<\/strong><\/p>\n\n\n\n<p>A revista Isto\u00e9 traz, na edi\u00e7\u00e3o de 21\/10\/2022, uma mat\u00e9ria intitulada &#8220;Alugar est\u00e1 na moda&#8221;. Nesta mat\u00e9ria, a rep\u00f3rter Mirela Luiz mostra como os h\u00e1bitos de consumo v\u00eam mudando nos \u00faltimos anos. Algumas tend\u00eancias bem claras s\u00e3o apontadas, como o consumo sustent\u00e1vel, consci\u00eancia financeira e maior valoriza\u00e7\u00e3o de experi\u00eancias do que da posse de bens.<\/p>\n\n\n\n<p>Nesse contexto, a revista mostra que o aluguel de bens \u00e9 um h\u00e1bito cada vez mais comum nas fam\u00edlias brasilerias. E utiliza O Ba\u00fa do Beb\u00ea como exemplo de empresa em crescimento acelerado e que se encaixa em todas essas tend\u00eancias. \u00c9 muito mais interessante alugar do que comprar determinados produtos para beb\u00eas, j\u00e1 que eles crescem e se desenvolvem rapidamente. Alugando, os pais economizam dinheiro e espa\u00e7o em casa, e tamb\u00e9m garantem os est\u00edmulos certos para cada fase do beb\u00ea.<\/p>\n\n\n\n<p>Leia a mat\u00e9ria completa na edi\u00e7\u00e3o impressa da revista ou em: <a href=\"https:\/\/istoe.com.br\/alugar-esta-na-moda\">https:\/\/istoe.com.br\/alugar-esta-na-moda<\/a><\/p>\n","protected":false},"excerpt":{"rendered":"<p>Revista Isto\u00e9 usou O Ba\u00fa do Beb\u00ea como exemplo do novo mercado, no qual &#8220;experimentar&#8221; \u00e9 melhor que &#8220;possuir&#8221;<\/p>\n","protected":false},"author":1,"featured_media":209,"comment_status":"closed","ping_status":"closed","sticky":false,"template":"","format":"standard","meta":{"footnotes":""},"categories":[1],"tags":[],"class_list":["post-208","post","type-post","status-publish","format-standard","has-post-thumbnail","hentry","category-sem-categoria"],"yoast_head":"<!-- This site is optimized with the Yoast SEO plugin v22.7 - https:\/\/yoast.com\/wordpress\/plugins\/seo\/ -->\n<title>Crescimento do Ba\u00fa do Beb\u00ea \u00e9 assunto na revista Isto\u00e9 - O Bau do Beb\u00ea<\/title>\n<meta name=\"robots\" content=\"index, follow, max-snippet:-1, max-image-preview:large, max-video-preview:-1\" \/>\n<link rel=\"canonical\" href=\"https:\/\/www.obaudobebe.com.br\/blog\/crescimento-do-bau-do-bebe-e-assunto-na-revista-istoe\/\" \/>\n<meta property=\"og:locale\" content=\"pt_BR\" \/>\n<meta property=\"og:type\" content=\"article\" \/>\n<meta property=\"og:title\" content=\"Crescimento do Ba\u00fa do Beb\u00ea \u00e9 assunto na revista Isto\u00e9 - O Bau do Beb\u00ea\" \/>\n<meta property=\"og:description\" content=\"Revista Isto\u00e9 usou O Ba\u00fa do Beb\u00ea como exemplo do novo mercado, no qual &quot;experimentar&quot; \u00e9 melhor que &quot;possuir&quot;\" \/>\n<meta property=\"og:url\" content=\"https:\/\/www.obaudobebe.com.br\/blog\/crescimento-do-bau-do-bebe-e-assunto-na-revista-istoe\/\" \/>\n<meta property=\"og:site_name\" content=\"O Bau do Beb\u00ea\" \/>\n<meta property=\"article:publisher\" content=\"https:\/\/www.facebook.com\/obaudobebe\" \/>\n<meta property=\"article:published_time\" content=\"2022-10-21T18:15:39+00:00\" \/>\n<meta property=\"article:modified_time\" content=\"2022-10-21T18:15:40+00:00\" \/>\n<meta property=\"og:image\" content=\"https:\/\/www.obaudobebe.com.br\/blog\/wp-content\/uploads\/2022\/10\/o-bau-do-bebe-imprensa-istoe.png\" \/>\n\t<meta property=\"og:image:width\" content=\"900\" \/>\n\t<meta property=\"og:image:height\" content=\"898\" \/>\n\t<meta property=\"og:image:type\" content=\"image\/png\" \/>\n<meta name=\"author\" content=\"Ba\u00fa do Beb\u00ea\" \/>\n<meta name=\"twitter:card\" content=\"summary_large_image\" \/>\n<meta name=\"twitter:creator\" content=\"@obaudobebe\" \/>\n<meta name=\"twitter:site\" content=\"@obaudobebe\" \/>\n<meta name=\"twitter:label1\" content=\"Escrito por\" \/>\n\t<meta name=\"twitter:data1\" content=\"Ba\u00fa do Beb\u00ea\" \/>\n\t<meta name=\"twitter:label2\" content=\"Est. tempo de leitura\" \/>\n\t<meta name=\"twitter:data2\" content=\"1 minuto\" \/>\n<script type=\"application\/ld+json\" class=\"yoast-schema-graph\">{\"@context\":\"https:\/\/schema.org\",\"@graph\":[{\"@type\":\"Article\",\"@id\":\"https:\/\/www.obaudobebe.com.br\/blog\/crescimento-do-bau-do-bebe-e-assunto-na-revista-istoe\/#article\",\"isPartOf\":{\"@id\":\"https:\/\/www.obaudobebe.com.br\/blog\/crescimento-do-bau-do-bebe-e-assunto-na-revista-istoe\/\"},\"author\":{\"name\":\"Ba\u00fa do Beb\u00ea\",\"@id\":\"https:\/\/www.obaudobebe.com.br\/blog\/#\/schema\/person\/e3102473fcec28630d9c576fbf7369b4\"},\"headline\":\"Crescimento do Ba\u00fa do Beb\u00ea \u00e9 assunto na revista Isto\u00e9\",\"datePublished\":\"2022-10-21T18:15:39+00:00\",\"dateModified\":\"2022-10-21T18:15:40+00:00\",\"mainEntityOfPage\":{\"@id\":\"https:\/\/www.obaudobebe.com.br\/blog\/crescimento-do-bau-do-bebe-e-assunto-na-revista-istoe\/\"},\"wordCount\":196,\"publisher\":{\"@id\":\"https:\/\/www.obaudobebe.com.br\/blog\/#organization\"},\"image\":{\"@id\":\"https:\/\/www.obaudobebe.com.br\/blog\/crescimento-do-bau-do-bebe-e-assunto-na-revista-istoe\/#primaryimage\"},\"thumbnailUrl\":\"https:\/\/www.obaudobebe.com.br\/blog\/wp-content\/uploads\/2022\/10\/o-bau-do-bebe-imprensa-istoe.png\",\"inLanguage\":\"pt-BR\"},{\"@type\":\"WebPage\",\"@id\":\"https:\/\/www.obaudobebe.com.br\/blog\/crescimento-do-bau-do-bebe-e-assunto-na-revista-istoe\/\",\"url\":\"https:\/\/www.obaudobebe.com.br\/blog\/crescimento-do-bau-do-bebe-e-assunto-na-revista-istoe\/\",\"name\":\"Crescimento do Ba\u00fa do Beb\u00ea \u00e9 assunto na revista Isto\u00e9 - O Bau do Beb\u00ea\",\"isPartOf\":{\"@id\":\"https:\/\/www.obaudobebe.com.br\/blog\/#website\"},\"primaryImageOfPage\":{\"@id\":\"https:\/\/www.obaudobebe.com.br\/blog\/crescimento-do-bau-do-bebe-e-assunto-na-revista-istoe\/#primaryimage\"},\"image\":{\"@id\":\"https:\/\/www.obaudobebe.com.br\/blog\/crescimento-do-bau-do-bebe-e-assunto-na-revista-istoe\/#primaryimage\"},\"thumbnailUrl\":\"https:\/\/www.obaudobebe.com.br\/blog\/wp-content\/uploads\/2022\/10\/o-bau-do-bebe-imprensa-istoe.png\",\"datePublished\":\"2022-10-21T18:15:39+00:00\",\"dateModified\":\"2022-10-21T18:15:40+00:00\",\"breadcrumb\":{\"@id\":\"https:\/\/www.obaudobebe.com.br\/blog\/crescimento-do-bau-do-bebe-e-assunto-na-revista-istoe\/#breadcrumb\"},\"inLanguage\":\"pt-BR\",\"potentialAction\":[{\"@type\":\"ReadAction\",\"target\":[\"https:\/\/www.obaudobebe.com.br\/blog\/crescimento-do-bau-do-bebe-e-assunto-na-revista-istoe\/\"]}]},{\"@type\":\"ImageObject\",\"inLanguage\":\"pt-BR\",\"@id\":\"https:\/\/www.obaudobebe.com.br\/blog\/crescimento-do-bau-do-bebe-e-assunto-na-revista-istoe\/#primaryimage\",\"url\":\"https:\/\/www.obaudobebe.com.br\/blog\/wp-content\/uploads\/2022\/10\/o-bau-do-bebe-imprensa-istoe.png\",\"contentUrl\":\"https:\/\/www.obaudobebe.com.br\/blog\/wp-content\/uploads\/2022\/10\/o-bau-do-bebe-imprensa-istoe.png\",\"width\":900,\"height\":898,\"caption\":\"O Ba\u00fa do Beb\u00ea foi destaque na revista Isto\u00e9\"},{\"@type\":\"BreadcrumbList\",\"@id\":\"https:\/\/www.obaudobebe.com.br\/blog\/crescimento-do-bau-do-bebe-e-assunto-na-revista-istoe\/#breadcrumb\",\"itemListElement\":[{\"@type\":\"ListItem\",\"position\":1,\"name\":\"In\u00edcio\",\"item\":\"https:\/\/www.obaudobebe.com.br\/blog\/\"},{\"@type\":\"ListItem\",\"position\":2,\"name\":\"Crescimento do Ba\u00fa do Beb\u00ea \u00e9 assunto na revista Isto\u00e9\"}]},{\"@type\":\"WebSite\",\"@id\":\"https:\/\/www.obaudobebe.com.br\/blog\/#website\",\"url\":\"https:\/\/www.obaudobebe.com.br\/blog\/\",\"name\":\"O Bau do Beb\u00ea\",\"description\":\"O Ba\u00fa do Beb\u00ea oferece aluguel de produtos para beb\u00eas, crian\u00e7as, e mam\u00e3es. Promove facilidade, tranquilidade e economia para fam\u00edlias que n\u00e3o precisam mais comprar tudo o que o beb\u00ea precisa.\",\"publisher\":{\"@id\":\"https:\/\/www.obaudobebe.com.br\/blog\/#organization\"},\"potentialAction\":[{\"@type\":\"SearchAction\",\"target\":{\"@type\":\"EntryPoint\",\"urlTemplate\":\"https:\/\/www.obaudobebe.com.br\/blog\/?s={search_term_string}\"},\"query-input\":\"required name=search_term_string\"}],\"inLanguage\":\"pt-BR\"},{\"@type\":\"Organization\",\"@id\":\"https:\/\/www.obaudobebe.com.br\/blog\/#organization\",\"name\":\"O Ba\u00fa do Beb\u00ea\",\"url\":\"https:\/\/www.obaudobebe.com.br\/blog\/\",\"logo\":{\"@type\":\"ImageObject\",\"inLanguage\":\"pt-BR\",\"@id\":\"https:\/\/www.obaudobebe.com.br\/blog\/#\/schema\/logo\/image\/\",\"url\":\"https:\/\/www.obaudobebe.com.br\/blog\/wp-content\/uploads\/2023\/09\/logo-bau-do-bebe.webp\",\"contentUrl\":\"https:\/\/www.obaudobebe.com.br\/blog\/wp-content\/uploads\/2023\/09\/logo-bau-do-bebe.webp\",\"width\":1000,\"height\":1043,\"caption\":\"O Ba\u00fa do Beb\u00ea\"},\"image\":{\"@id\":\"https:\/\/www.obaudobebe.com.br\/blog\/#\/schema\/logo\/image\/\"},\"sameAs\":[\"https:\/\/www.facebook.com\/obaudobebe\",\"https:\/\/x.com\/obaudobebe\",\"https:\/\/br.linkedin.com\/company\/o-bau-do-bebe\",\"https:\/\/www.instagram.com\/obaudobebe\"]},{\"@type\":\"Person\",\"@id\":\"https:\/\/www.obaudobebe.com.br\/blog\/#\/schema\/person\/e3102473fcec28630d9c576fbf7369b4\",\"name\":\"Ba\u00fa do Beb\u00ea\",\"image\":{\"@type\":\"ImageObject\",\"inLanguage\":\"pt-BR\",\"@id\":\"https:\/\/www.obaudobebe.com.br\/blog\/#\/schema\/person\/image\/\",\"url\":\"https:\/\/secure.gravatar.com\/avatar\/eef2f6a86d0e49746bcbc18c0a4c590cf75880b646d3222258529820251349cd?s=96&d=mm&r=g\",\"contentUrl\":\"https:\/\/secure.gravatar.com\/avatar\/eef2f6a86d0e49746bcbc18c0a4c590cf75880b646d3222258529820251349cd?s=96&d=mm&r=g\",\"caption\":\"Ba\u00fa do Beb\u00ea\"},\"url\":\"https:\/\/www.obaudobebe.com.br\/blog\/author\/admin\/\"}]}<\/script>\n<!-- \/ Yoast SEO plugin. -->","yoast_head_json":{"title":"Crescimento do Ba\u00fa do Beb\u00ea \u00e9 assunto na revista Isto\u00e9 - O Bau do Beb\u00ea","robots":{"index":"index","follow":"follow","max-snippet":"max-snippet:-1","max-image-preview":"max-image-preview:large","max-video-preview":"max-video-preview:-1"},"canonical":"https:\/\/www.obaudobebe.com.br\/blog\/crescimento-do-bau-do-bebe-e-assunto-na-revista-istoe\/","og_locale":"pt_BR","og_type":"article","og_title":"Crescimento do Ba\u00fa do Beb\u00ea \u00e9 assunto na revista Isto\u00e9 - O Bau do Beb\u00ea","og_description":"Revista Isto\u00e9 usou O Ba\u00fa do Beb\u00ea como exemplo do novo mercado, no qual \"experimentar\" \u00e9 melhor que \"possuir\"","og_url":"https:\/\/www.obaudobebe.com.br\/blog\/crescimento-do-bau-do-bebe-e-assunto-na-revista-istoe\/","og_site_name":"O Bau do Beb\u00ea","article_publisher":"https:\/\/www.facebook.com\/obaudobebe","article_published_time":"2022-10-21T18:15:39+00:00","article_modified_time":"2022-10-21T18:15:40+00:00","og_image":[{"width":900,"height":898,"url":"https:\/\/www.obaudobebe.com.br\/blog\/wp-content\/uploads\/2022\/10\/o-bau-do-bebe-imprensa-istoe.png","type":"image\/png"}],"author":"Ba\u00fa do Beb\u00ea","twitter_card":"summary_large_image","twitter_creator":"@obaudobebe","twitter_site":"@obaudobebe","twitter_misc":{"Escrito por":"Ba\u00fa do Beb\u00ea","Est. tempo de leitura":"1 minuto"},"schema":{"@context":"https:\/\/schema.org","@graph":[{"@type":"Article","@id":"https:\/\/www.obaudobebe.com.br\/blog\/crescimento-do-bau-do-bebe-e-assunto-na-revista-istoe\/#article","isPartOf":{"@id":"https:\/\/www.obaudobebe.com.br\/blog\/crescimento-do-bau-do-bebe-e-assunto-na-revista-istoe\/"},"author":{"name":"Ba\u00fa do Beb\u00ea","@id":"https:\/\/www.obaudobebe.com.br\/blog\/#\/schema\/person\/e3102473fcec28630d9c576fbf7369b4"},"headline":"Crescimento do Ba\u00fa do Beb\u00ea \u00e9 assunto na revista Isto\u00e9","datePublished":"2022-10-21T18:15:39+00:00","dateModified":"2022-10-21T18:15:40+00:00","mainEntityOfPage":{"@id":"https:\/\/www.obaudobebe.com.br\/blog\/crescimento-do-bau-do-bebe-e-assunto-na-revista-istoe\/"},"wordCount":196,"publisher":{"@id":"https:\/\/www.obaudobebe.com.br\/blog\/#organization"},"image":{"@id":"https:\/\/www.obaudobebe.com.br\/blog\/crescimento-do-bau-do-bebe-e-assunto-na-revista-istoe\/#primaryimage"},"thumbnailUrl":"https:\/\/www.obaudobebe.com.br\/blog\/wp-content\/uploads\/2022\/10\/o-bau-do-bebe-imprensa-istoe.png","inLanguage":"pt-BR"},{"@type":"WebPage","@id":"https:\/\/www.obaudobebe.com.br\/blog\/crescimento-do-bau-do-bebe-e-assunto-na-revista-istoe\/","url":"https:\/\/www.obaudobebe.com.br\/blog\/crescimento-do-bau-do-bebe-e-assunto-na-revista-istoe\/","name":"Crescimento do Ba\u00fa do Beb\u00ea \u00e9 assunto na revista Isto\u00e9 - O Bau do Beb\u00ea","isPartOf":{"@id":"https:\/\/www.obaudobebe.com.br\/blog\/#website"},"primaryImageOfPage":{"@id":"https:\/\/www.obaudobebe.com.br\/blog\/crescimento-do-bau-do-bebe-e-assunto-na-revista-istoe\/#primaryimage"},"image":{"@id":"https:\/\/www.obaudobebe.com.br\/blog\/crescimento-do-bau-do-bebe-e-assunto-na-revista-istoe\/#primaryimage"},"thumbnailUrl":"https:\/\/www.obaudobebe.com.br\/blog\/wp-content\/uploads\/2022\/10\/o-bau-do-bebe-imprensa-istoe.png","datePublished":"2022-10-21T18:15:39+00:00","dateModified":"2022-10-21T18:15:40+00:00","breadcrumb":{"@id":"https:\/\/www.obaudobebe.com.br\/blog\/crescimento-do-bau-do-bebe-e-assunto-na-revista-istoe\/#breadcrumb"},"inLanguage":"pt-BR","potentialAction":[{"@type":"ReadAction","target":["https:\/\/www.obaudobebe.com.br\/blog\/crescimento-do-bau-do-bebe-e-assunto-na-revista-istoe\/"]}]},{"@type":"ImageObject","inLanguage":"pt-BR","@id":"https:\/\/www.obaudobebe.com.br\/blog\/crescimento-do-bau-do-bebe-e-assunto-na-revista-istoe\/#primaryimage","url":"https:\/\/www.obaudobebe.com.br\/blog\/wp-content\/uploads\/2022\/10\/o-bau-do-bebe-imprensa-istoe.png","contentUrl":"https:\/\/www.obaudobebe.com.br\/blog\/wp-content\/uploads\/2022\/10\/o-bau-do-bebe-imprensa-istoe.png","width":900,"height":898,"caption":"O Ba\u00fa do Beb\u00ea foi destaque na revista Isto\u00e9"},{"@type":"BreadcrumbList","@id":"https:\/\/www.obaudobebe.com.br\/blog\/crescimento-do-bau-do-bebe-e-assunto-na-revista-istoe\/#breadcrumb","itemListElement":[{"@type":"ListItem","position":1,"name":"In\u00edcio","item":"https:\/\/www.obaudobebe.com.br\/blog\/"},{"@type":"ListItem","position":2,"name":"Crescimento do Ba\u00fa do Beb\u00ea \u00e9 assunto na revista Isto\u00e9"}]},{"@type":"WebSite","@id":"https:\/\/www.obaudobebe.com.br\/blog\/#website","url":"https:\/\/www.obaudobebe.com.br\/blog\/","name":"O Bau do Beb\u00ea","description":"O Ba\u00fa do Beb\u00ea oferece aluguel de produtos para beb\u00eas, crian\u00e7as, e mam\u00e3es. Promove facilidade, tranquilidade e economia para fam\u00edlias que n\u00e3o precisam mais comprar tudo o que o beb\u00ea precisa.","publisher":{"@id":"https:\/\/www.obaudobebe.com.br\/blog\/#organization"},"potentialAction":[{"@type":"SearchAction","target":{"@type":"EntryPoint","urlTemplate":"https:\/\/www.obaudobebe.com.br\/blog\/?s={search_term_string}"},"query-input":"required name=search_term_string"}],"inLanguage":"pt-BR"},{"@type":"Organization","@id":"https:\/\/www.obaudobebe.com.br\/blog\/#organization","name":"O Ba\u00fa do Beb\u00ea","url":"https:\/\/www.obaudobebe.com.br\/blog\/","logo":{"@type":"ImageObject","inLanguage":"pt-BR","@id":"https:\/\/www.obaudobebe.com.br\/blog\/#\/schema\/logo\/image\/","url":"https:\/\/www.obaudobebe.com.br\/blog\/wp-content\/uploads\/2023\/09\/logo-bau-do-bebe.webp","contentUrl":"https:\/\/www.obaudobebe.com.br\/blog\/wp-content\/uploads\/2023\/09\/logo-bau-do-bebe.webp","width":1000,"height":1043,"caption":"O Ba\u00fa do Beb\u00ea"},"image":{"@id":"https:\/\/www.obaudobebe.com.br\/blog\/#\/schema\/logo\/image\/"},"sameAs":["https:\/\/www.facebook.com\/obaudobebe","https:\/\/x.com\/obaudobebe","https:\/\/br.linkedin.com\/company\/o-bau-do-bebe","https:\/\/www.instagram.com\/obaudobebe"]},{"@type":"Person","@id":"https:\/\/www.obaudobebe.com.br\/blog\/#\/schema\/person\/e3102473fcec28630d9c576fbf7369b4","name":"Ba\u00fa do Beb\u00ea","image":{"@type":"ImageObject","inLanguage":"pt-BR","@id":"https:\/\/www.obaudobebe.com.br\/blog\/#\/schema\/person\/image\/","url":"https:\/\/secure.gravatar.com\/avatar\/eef2f6a86d0e49746bcbc18c0a4c590cf75880b646d3222258529820251349cd?s=96&d=mm&r=g","contentUrl":"https:\/\/secure.gravatar.com\/avatar\/eef2f6a86d0e49746bcbc18c0a4c590cf75880b646d3222258529820251349cd?s=96&d=mm&r=g","caption":"Ba\u00fa do Beb\u00ea"},"url":"https:\/\/www.obaudobebe.com.br\/blog\/author\/admin\/"}]}},"_links":{"self":[{"href":"https:\/\/www.obaudobebe.com.br\/blog\/wp-json\/wp\/v2\/posts\/208","targetHints":{"allow":["GET"]}}],"collection":[{"href":"https:\/\/www.obaudobebe.com.br\/blog\/wp-json\/wp\/v2\/posts"}],"about":[{"href":"https:\/\/www.obaudobebe.com.br\/blog\/wp-json\/wp\/v2\/types\/post"}],"author":[{"embeddable":true,"href":"https:\/\/www.obaudobebe.com.br\/blog\/wp-json\/wp\/v2\/users\/1"}],"replies":[{"embeddable":true,"href":"https:\/\/www.obaudobebe.com.br\/blog\/wp-json\/wp\/v2\/comments?post=208"}],"version-history":[{"count":2,"href":"https:\/\/www.obaudobebe.com.br\/blog\/wp-json\/wp\/v2\/posts\/208\/revisions"}],"predecessor-version":[{"id":211,"href":"https:\/\/www.obaudobebe.com.br\/blog\/wp-json\/wp\/v2\/posts\/208\/revisions\/211"}],"wp:featuredmedia":[{"embeddable":true,"href":"https:\/\/www.obaudobebe.com.br\/blog\/wp-json\/wp\/v2\/media\/209"}],"wp:attachment":[{"href":"https:\/\/www.obaudobebe.com.br\/blog\/wp-json\/wp\/v2\/media?parent=208"}],"wp:term":[{"taxonomy":"category","embeddable":true,"href":"https:\/\/www.obaudobebe.com.br\/blog\/wp-json\/wp\/v2\/categories?post=208"},{"taxonomy":"post_tag","embeddable":true,"href":"https:\/\/www.obaudobebe.com.br\/blog\/wp-json\/wp\/v2\/tags?post=208"}],"curies":[{"name":"wp","href":"https:\/\/api.w.org\/{rel}","templated":true}]}}